{"id":1966,"date":"2023-12-08T21:41:56","date_gmt":"2023-12-08T19:41:56","guid":{"rendered":"https:\/\/michiokurata.com\/?p=1966"},"modified":"2024-03-03T20:06:35","modified_gmt":"2024-03-03T18:06:35","slug":"les-picos-de-europa-ete-2022","status":"publish","type":"post","link":"https:\/\/michiokurata.com\/?p=1966","title":{"rendered":"Les Picos de Europa 2023, \u00e9pisode 1"},"content":{"rendered":"\n<div class=\"wp-block-media-text is-stacked-on-mobile\"><figure class=\"wp-block-media-text__media\"><img loading=\"lazy\" decoding=\"async\" width=\"800\" height=\"500\" src=\"https:\/\/michiokurata.com\/wp-content\/uploads\/2023\/12\/FOND-MotoTour2023-Ep1-copie.jpg\" alt=\"\" class=\"wp-image-1977 size-full\" srcset=\"https:\/\/michiokurata.com\/wp-content\/uploads\/2023\/12\/FOND-MotoTour2023-Ep1-copie.jpg 800w, https:\/\/michiokurata.com\/wp-content\/uploads\/2023\/12\/FOND-MotoTour2023-Ep1-copie-300x188.jpg 300w, https:\/\/michiokurata.com\/wp-content\/uploads\/2023\/12\/FOND-MotoTour2023-Ep1-copie-768x480.jpg 768w\" sizes=\"auto, (max-width: 706px) 89vw, (max-width: 767px) 82vw, 740px\" \/><\/figure><div class=\"wp-block-media-text__content\">\n<p>Premi\u00e8re partie : la liaison La Roche-sur-Yon &#8211; Ojedo (Espagne)<\/p>\n<\/div><\/div>\n\n\n\n<p>Histoire de prendre l&rsquo;air et de se d\u00e9payser, nouvelle destination : l&rsquo;Espagne et le Parc National des Picos de Europa, au Nord du pays, en Cantabrie.<\/p>\n\n\n\n<p>Pourquoi l\u00e0 ?<\/p>\n\n\n\n<p>D&rsquo;abord, besoin de s&rsquo;oxyg\u00e9ner, et \u00e0 la recherche d&rsquo;un nouveau point de chute.<\/p>\n\n\n\n<p>Dans cette recherche, plusieurs motovloggeur anglais que je suis r\u00e9guli\u00e8rement sur YouTube (TeaPotOne et Riche Vida en particulier) vantent cette destination. Et ils \u00e9voquent m\u00eame un hotel : ce sera donc l&rsquo;hotel Infantado, \u00e0 Ojedo, tout pr\u00e8s de Potes, sur un des axes tournicotant du secteur !<\/p>\n\n\n\n<p>Cet \u00e9pisode va donc nous mener de La Roche-sur-Yon \u00e0 Ojedo, avec une pause pr\u00e8s de Bordeaux -certains connaissent d\u00e9j\u00e0 l&rsquo;histoire de mes AirPods Pro oubli\u00e9s \u00e0 l&rsquo;Ibis Budget de Libourne, myst\u00e9rieusement disparus et introuvables dans l&rsquo;hotel (mais la magie de la localisation est encore plus myst\u00e9rieuse pour certains), et encore plus myst\u00e9rieusement r\u00e9apparus lors de notre retour et un passage surprise sur place, dans un local de rangement, sur une \u00e9tag\u00e8re, dans une bo\u00eete d&rsquo;archives ferm\u00e9e, pos\u00e9e \u00e0 1m50 de haut&#8230;).<\/p>\n\n\n\n<p>Comme d&rsquo;habitude, on prend les chemins de traverse en \u00e9vitant les autoroutes.<br>On fait une pause sandwich \u00e0 Bidart, tout en suivant la c\u00f4te (D911 et 912 c\u00f4t\u00e9 fran\u00e7ais, puis Gi636 et N634 c\u00f4t\u00e9 espagnol.<\/p>\n\n\n\n<figure class=\"wp-block-image size-full\"><img loading=\"lazy\" decoding=\"async\" width=\"1024\" height=\"768\" src=\"https:\/\/michiokurata.com\/wp-content\/uploads\/2023\/12\/IMG_9353.jpeg\" alt=\"\" class=\"wp-image-1969\" srcset=\"https:\/\/michiokurata.com\/wp-content\/uploads\/2023\/12\/IMG_9353.jpeg 1024w, https:\/\/michiokurata.com\/wp-content\/uploads\/2023\/12\/IMG_9353-300x225.jpeg 300w, https:\/\/michiokurata.com\/wp-content\/uploads\/2023\/12\/IMG_9353-768x576.jpeg 768w\" sizes=\"auto, (max-width: 706px) 89vw, (max-width: 767px) 82vw, 740px\" \/><\/figure>\n\n\n\n<figure class=\"wp-block-image size-large\"><img loading=\"lazy\" decoding=\"async\" width=\"1024\" height=\"768\" src=\"https:\/\/michiokurata.com\/wp-content\/uploads\/2023\/12\/IMG_9354-1024x768.jpeg\" alt=\"\" class=\"wp-image-1970\" srcset=\"https:\/\/michiokurata.com\/wp-content\/uploads\/2023\/12\/IMG_9354-1024x768.jpeg 1024w, https:\/\/michiokurata.com\/wp-content\/uploads\/2023\/12\/IMG_9354-300x225.jpeg 300w, https:\/\/michiokurata.com\/wp-content\/uploads\/2023\/12\/IMG_9354-768x576.jpeg 768w, https:\/\/michiokurata.com\/wp-content\/uploads\/2023\/12\/IMG_9354-1536x1152.jpeg 1536w, https:\/\/michiokurata.com\/wp-content\/uploads\/2023\/12\/IMG_9354-2048x1536.jpeg 2048w\" sizes=\"auto, (max-width: 706px) 89vw, (max-width: 767px) 82vw, 740px\" \/><\/figure>\n\n\n\n<p>Apr\u00e8s Torrelavega, on bifurque vers le Sud par la Ca180, jusqu&rsquo;\u00e0 Cabuerniga.<br>Les virolos commencent \u00e0 partir de l\u00e0, par les Ca182 et Ca282, avant d&rsquo;enquiller le d\u00e9but de LA merveilleuse N621 \u00e0 travers les gorges de La Hermida.<\/p>\n\n\n\n<p>Arriv\u00e9s \u00e0 l&rsquo;hotel, beaucoup de motos sur le parking !<br>Et si, et si&#8230;<br>Et oui, je reconnais la GS de TeaPotOne (facile avec ses drapeaux \u00e9cossais, et ses logos perso partout) !<br>Du coup, apr\u00e8s une r\u00e9compense pour le trajet (je connaissais d\u00e9j\u00e0, alors c&rsquo;\u00e9tait facile de commander), <\/p>\n\n\n\n<figure class=\"wp-block-image size-large\"><img loading=\"lazy\" decoding=\"async\" width=\"1024\" height=\"768\" src=\"https:\/\/michiokurata.com\/wp-content\/uploads\/2023\/12\/IMG_9359-1024x768.jpeg\" alt=\"\" class=\"wp-image-1971\" srcset=\"https:\/\/michiokurata.com\/wp-content\/uploads\/2023\/12\/IMG_9359-1024x768.jpeg 1024w, https:\/\/michiokurata.com\/wp-content\/uploads\/2023\/12\/IMG_9359-300x225.jpeg 300w, https:\/\/michiokurata.com\/wp-content\/uploads\/2023\/12\/IMG_9359-768x576.jpeg 768w, https:\/\/michiokurata.com\/wp-content\/uploads\/2023\/12\/IMG_9359-1536x1152.jpeg 1536w, https:\/\/michiokurata.com\/wp-content\/uploads\/2023\/12\/IMG_9359-2048x1536.jpeg 2048w\" sizes=\"auto, (max-width: 706px) 89vw, (max-width: 767px) 82vw, 740px\" \/><\/figure>\n\n\n\n<p>Je suis all\u00e9 lui passer un petit bonjour dans la salle du restaurant de l&rsquo;hotel : chouette \u00e9change \u00ab\u00a0in real life\u00a0\u00bb avec ce sympathique gaillard !<\/p>\n\n\n\n<p>C&rsquo;est d&rsquo;ailleurs une des raisons du choix de l&rsquo;hotel : on avait envisag\u00e9 de faire les 2km \u00e0 pied jusqu&rsquo;au centre de Potes (centre historique, tr\u00e8s touristique, mais en cas de flemme, le resto sur place, c&rsquo;\u00e9tait pratique.<br>Finalement, on a din\u00e9 sur place tous les soirs : cuisine excellente, gentillesse du personnel, et tarif hyper bien plac\u00e9 ! Je n&rsquo;avais pas r\u00e9serv\u00e9 en demi-pension , mais d\u00e8s le deuxi\u00e8me soir, ils nous ont appliqu\u00e9 le tarif : pour 20\u20ac, entr\u00e9e, plat, dessert, bouteille de vin et bouteille d&rsquo;eau. Et comme le barman \u00e9tait tr\u00e8s sympa aussi, on a m\u00eame profit\u00e9 des ap\u00e9ros en terrasse juste avant !<\/p>\n\n\n\n<p>Les images qui bougent :<\/p>\n\n\n\n<figure class=\"wp-block-embed is-type-video is-provider-youtube wp-block-embed-youtube wp-embed-aspect-16-9 wp-has-aspect-ratio\"><div class=\"wp-block-embed__wrapper\">\n<iframe loading=\"lazy\" title=\"\u26f0\ufe0f Picos de Europa 2023 - \ud83c\udfcd\ufe0f MotoTour &#039;23 Episode 1\" width=\"525\" height=\"295\" src=\"https:\/\/www.youtube.com\/embed\/klj_AfSWSmQ?feature=oembed\" frameborder=\"0\" allow=\"accelerometer; autoplay; clipboard-write; encrypted-media; gyroscope; picture-in-picture; web-share\" referrerpolicy=\"strict-origin-when-cross-origin\" allowfullscreen><\/iframe>\n<\/div><\/figure>\n","protected":false},"excerpt":{"rendered":"<p>Premi\u00e8re partie : la liaison La Roche-sur-Yon &#8211; Ojedo (Espagne) Histoire de prendre l&rsquo;air et de se d\u00e9payser, nouvelle destination : l&rsquo;Espagne et le Parc National des Picos de Europa, au Nord du pays, en Cantabrie. Pourquoi l\u00e0 ? D&rsquo;abord, besoin de s&rsquo;oxyg\u00e9ner, et \u00e0 la recherche d&rsquo;un nouveau point de chute. Dans cette recherche, &hellip; <\/p>\n<p class=\"link-more\"><a href=\"https:\/\/michiokurata.com\/?p=1966\" class=\"more-link\">Continuer la lecture<span class=\"screen-reader-text\"> de &laquo;&nbsp;Les Picos de Europa 2023, \u00e9pisode 1&nbsp;&raquo;<\/span><\/a><\/p>\n","protected":false},"author":1,"featured_media":1978,"comment_status":"open","ping_status":"open","sticky":false,"template":"","format":"standard","meta":{"footnotes":""},"categories":[29],"tags":[],"class_list":["post-1966","post","type-post","status-publish","format-standard","has-post-thumbnail","hentry","category-balades-moto"],"aioseo_notices":[],"_links":{"self":[{"href":"https:\/\/michiokurata.com\/index.php?rest_route=\/wp\/v2\/posts\/1966","targetHints":{"allow":["GET"]}}],"collection":[{"href":"https:\/\/michiokurata.com\/index.php?rest_route=\/wp\/v2\/posts"}],"about":[{"href":"https:\/\/michiokurata.com\/index.php?rest_route=\/wp\/v2\/types\/post"}],"author":[{"embeddable":true,"href":"https:\/\/michiokurata.com\/index.php?rest_route=\/wp\/v2\/users\/1"}],"replies":[{"embeddable":true,"href":"https:\/\/michiokurata.com\/index.php?rest_route=%2Fwp%2Fv2%2Fcomments&post=1966"}],"version-history":[{"count":5,"href":"https:\/\/michiokurata.com\/index.php?rest_route=\/wp\/v2\/posts\/1966\/revisions"}],"predecessor-version":[{"id":2054,"href":"https:\/\/michiokurata.com\/index.php?rest_route=\/wp\/v2\/posts\/1966\/revisions\/2054"}],"wp:featuredmedia":[{"embeddable":true,"href":"https:\/\/michiokurata.com\/index.php?rest_route=\/wp\/v2\/media\/1978"}],"wp:attachment":[{"href":"https:\/\/michiokurata.com\/index.php?rest_route=%2Fwp%2Fv2%2Fmedia&parent=1966"}],"wp:term":[{"taxonomy":"category","embeddable":true,"href":"https:\/\/michiokurata.com\/index.php?rest_route=%2Fwp%2Fv2%2Fcategories&post=1966"},{"taxonomy":"post_tag","embeddable":true,"href":"https:\/\/michiokurata.com\/index.php?rest_route=%2Fwp%2Fv2%2Ftags&post=1966"}],"curies":[{"name":"wp","href":"https:\/\/api.w.org\/{rel}","templated":true}]}}